{"id":769,"date":"2022-07-04T06:30:25","date_gmt":"2022-07-04T06:30:25","guid":{"rendered":"http:\/\/fjvillaescusa.com\/wordpress\/?p=769"},"modified":"2022-07-04T06:30:25","modified_gmt":"2022-07-04T06:30:25","slug":"estreno-de-a-festa-dos-elfos","status":"publish","type":"post","link":"http:\/\/fjvillaescusa.com\/wordpress\/2022\/07\/04\/estreno-de-a-festa-dos-elfos\/","title":{"rendered":"Estreno de \u00abA Festa dos Elfos\u00bb"},"content":{"rendered":"<p>Este fin de semana se estrenar\u00e1 mi obra <strong>\u00abA festa dos elfos\u00bb <\/strong>(Ganadora en el XIV Concurso Galego de Composici\u00f3n &#8211; Secci\u00f3n Juvenil) por la <strong>Banda Sinf\u00f3nica Xuvenil Galega<\/strong>, dirigida por <strong>Pedro Ralo<\/strong>.<\/p>\n<p>El primer concierto ser\u00e1 el 8 de julio en Castelo de Ribadavia.<\/p>\n<p>El segundo concierto ser\u00e1 el 9 de julio en la Plaza Central de la Ciudad de la Cultura de Galicia en Santiago.<\/p>\n<p>Muchas gracias a la Federaci\u00f3n Galega de Bandas de M\u00fasica Populares por estrenar mi m\u00fasica.<\/p>\n<p><a href=\"http:\/\/fjvillaescusa.com\/wordpress\/wp-content\/uploads\/2022\/07\/ciclo-de-bandas-musicais-ribadavia_img24126n1t0.jpg\"><img loading=\"lazy\" decoding=\"async\" src=\"http:\/\/fjvillaescusa.com\/wordpress\/wp-content\/uploads\/2022\/07\/ciclo-de-bandas-musicais-ribadavia_img24126n1t0-212x300.jpg\" alt=\"\" width=\"212\" height=\"300\" class=\"alignnone size-medium wp-image-771\" srcset=\"http:\/\/fjvillaescusa.com\/wordpress\/wp-content\/uploads\/2022\/07\/ciclo-de-bandas-musicais-ribadavia_img24126n1t0-212x300.jpg 212w, http:\/\/fjvillaescusa.com\/wordpress\/wp-content\/uploads\/2022\/07\/ciclo-de-bandas-musicais-ribadavia_img24126n1t0-149x210.jpg 149w, http:\/\/fjvillaescusa.com\/wordpress\/wp-content\/uploads\/2022\/07\/ciclo-de-bandas-musicais-ribadavia_img24126n1t0.jpg 679w\" sizes=\"auto, (max-width: 212px) 100vw, 212px\" \/><\/a><\/p>\n<p><a href=\"http:\/\/fjvillaescusa.com\/wordpress\/wp-content\/uploads\/2022\/07\/Cartel-Concierto-Banda-Xuvenil-Galega.jpg\"><img loading=\"lazy\" decoding=\"async\" src=\"http:\/\/fjvillaescusa.com\/wordpress\/wp-content\/uploads\/2022\/07\/Cartel-Concierto-Banda-Xuvenil-Galega-300x157.jpg\" alt=\"\" width=\"300\" height=\"157\" class=\"alignnone size-medium wp-image-770\" srcset=\"http:\/\/fjvillaescusa.com\/wordpress\/wp-content\/uploads\/2022\/07\/Cartel-Concierto-Banda-Xuvenil-Galega-300x157.jpg 300w, http:\/\/fjvillaescusa.com\/wordpress\/wp-content\/uploads\/2022\/07\/Cartel-Concierto-Banda-Xuvenil-Galega-1024x537.jpg 1024w, http:\/\/fjvillaescusa.com\/wordpress\/wp-content\/uploads\/2022\/07\/Cartel-Concierto-Banda-Xuvenil-Galega-768x402.jpg 768w, http:\/\/fjvillaescusa.com\/wordpress\/wp-content\/uploads\/2022\/07\/Cartel-Concierto-Banda-Xuvenil-Galega-1536x805.jpg 1536w, http:\/\/fjvillaescusa.com\/wordpress\/wp-content\/uploads\/2022\/07\/Cartel-Concierto-Banda-Xuvenil-Galega-210x110.jpg 210w, http:\/\/fjvillaescusa.com\/wordpress\/wp-content\/uploads\/2022\/07\/Cartel-Concierto-Banda-Xuvenil-Galega.jpg 1920w\" sizes=\"auto, (max-width: 300px) 100vw, 300px\" \/><\/a><\/p>\n<p><a href=\"http:\/\/fjvillaescusa.com\/wordpress\/wp-content\/uploads\/2022\/05\/Op76-A-Festa-dos-Elfos-facebook.jpg\"><img loading=\"lazy\" decoding=\"async\" src=\"http:\/\/fjvillaescusa.com\/wordpress\/wp-content\/uploads\/2022\/05\/Op76-A-Festa-dos-Elfos-facebook-300x300.jpg\" alt=\"\" width=\"300\" height=\"300\" class=\"alignnone size-medium wp-image-755\" srcset=\"http:\/\/fjvillaescusa.com\/wordpress\/wp-content\/uploads\/2022\/05\/Op76-A-Festa-dos-Elfos-facebook-300x300.jpg 300w, http:\/\/fjvillaescusa.com\/wordpress\/wp-content\/uploads\/2022\/05\/Op76-A-Festa-dos-Elfos-facebook-1024x1024.jpg 1024w, http:\/\/fjvillaescusa.com\/wordpress\/wp-content\/uploads\/2022\/05\/Op76-A-Festa-dos-Elfos-facebook-150x150.jpg 150w, http:\/\/fjvillaescusa.com\/wordpress\/wp-content\/uploads\/2022\/05\/Op76-A-Festa-dos-Elfos-facebook-768x768.jpg 768w, http:\/\/fjvillaescusa.com\/wordpress\/wp-content\/uploads\/2022\/05\/Op76-A-Festa-dos-Elfos-facebook-1536x1536.jpg 1536w, http:\/\/fjvillaescusa.com\/wordpress\/wp-content\/uploads\/2022\/05\/Op76-A-Festa-dos-Elfos-facebook-2048x2048.jpg 2048w, http:\/\/fjvillaescusa.com\/wordpress\/wp-content\/uploads\/2022\/05\/Op76-A-Festa-dos-Elfos-facebook-210x210.jpg 210w, http:\/\/fjvillaescusa.com\/wordpress\/wp-content\/uploads\/2022\/05\/Op76-A-Festa-dos-Elfos-facebook-1960x1960.jpg 1960w\" sizes=\"auto, (max-width: 300px) 100vw, 300px\" \/><\/a><\/p>\n","protected":false},"excerpt":{"rendered":"<p>Este fin de semana se estrenar\u00e1 mi obra \u00abA festa dos elfos\u00bb (Ganadora en el XIV Concurso Galego de Composici\u00f3n &#8211; Secci\u00f3n Juvenil) por la Banda Sinf\u00f3nica Xuvenil Galega, dirigida por Pedro Ralo. El primer concierto ser\u00e1 el 8 de julio en Castelo de Ribadavia. El segundo concierto ser\u00e1 el 9 de julio en la [&hellip;]<\/p>\n","protected":false},"author":1,"featured_media":0,"comment_status":"closed","ping_status":"open","sticky":false,"template":"","format":"standard","meta":{"footnotes":""},"categories":[207,206,5],"tags":[219,29,271,42,132,71,270,210,41,75,209],"class_list":["post-769","post","type-post","status-publish","format-standard","hentry","category-concierto","category-estreno-2","category-noticia","tag-a-festa-dos-elfos","tag-banda","tag-banda-xuvenil","tag-caudete","tag-composicion","tag-concurso","tag-federacion-galega-bandas-de-musica","tag-federacion-gallega-bandas-de-musica","tag-francisco-jose-villaescusa","tag-francisco-jose-villaescusa-lopez","tag-galicia"],"aioseo_notices":[],"_links":{"self":[{"href":"http:\/\/fjvillaescusa.com\/wordpress\/wp-json\/wp\/v2\/posts\/769","targetHints":{"allow":["GET"]}}],"collection":[{"href":"http:\/\/fjvillaescusa.com\/wordpress\/wp-json\/wp\/v2\/posts"}],"about":[{"href":"http:\/\/fjvillaescusa.com\/wordpress\/wp-json\/wp\/v2\/types\/post"}],"author":[{"embeddable":true,"href":"http:\/\/fjvillaescusa.com\/wordpress\/wp-json\/wp\/v2\/users\/1"}],"replies":[{"embeddable":true,"href":"http:\/\/fjvillaescusa.com\/wordpress\/wp-json\/wp\/v2\/comments?post=769"}],"version-history":[{"count":3,"href":"http:\/\/fjvillaescusa.com\/wordpress\/wp-json\/wp\/v2\/posts\/769\/revisions"}],"predecessor-version":[{"id":774,"href":"http:\/\/fjvillaescusa.com\/wordpress\/wp-json\/wp\/v2\/posts\/769\/revisions\/774"}],"wp:attachment":[{"href":"http:\/\/fjvillaescusa.com\/wordpress\/wp-json\/wp\/v2\/media?parent=769"}],"wp:term":[{"taxonomy":"category","embeddable":true,"href":"http:\/\/fjvillaescusa.com\/wordpress\/wp-json\/wp\/v2\/categories?post=769"},{"taxonomy":"post_tag","embeddable":true,"href":"http:\/\/fjvillaescusa.com\/wordpress\/wp-json\/wp\/v2\/tags?post=769"}],"curies":[{"name":"wp","href":"https:\/\/api.w.org\/{rel}","templated":true}]}}