{"id":937,"date":"2024-03-05T08:25:50","date_gmt":"2024-03-05T08:25:50","guid":{"rendered":"http:\/\/fjvillaescusa.com\/wordpress\/?p=937"},"modified":"2024-03-05T08:25:50","modified_gmt":"2024-03-05T08:25:50","slug":"francisco-jose-villaescusa-obtiene-la-1a-mencion-especial-en-el-vi-concurso-de-composicion-de-musica-festera-de-mutxamel","status":"publish","type":"post","link":"http:\/\/fjvillaescusa.com\/wordpress\/2024\/03\/05\/francisco-jose-villaescusa-obtiene-la-1a-mencion-especial-en-el-vi-concurso-de-composicion-de-musica-festera-de-mutxamel\/","title":{"rendered":"Francisco Jos\u00e9 Villaescusa obtiene la 1\u00aa Menci\u00f3n Especial en el VI Concurso de Composici\u00f3n de M\u00fasica Festera de Mutxamel"},"content":{"rendered":"<p><strong>Francisco Jos\u00e9 Villaescusa<\/strong> ha obtenido obtiene la <strong>1\u00aa Menci\u00f3n Especial en el VI Concurso de Composici\u00f3n de M\u00fasica Festera de Mutxamel<\/strong>, por su obra \u00ab<strong>Almocaden<\/strong>\u00bb.<\/p>\n<p>El Ayuntamiento de Mutxamel convoca el <strong>VI Concurso de Composici\u00f3n M\u00fasica Festera<\/strong> en la modalidad de <strong>marcha cristiana<\/strong>, y en esta edici\u00f3n se han presentado un total de 11 obras.<\/p>\n<p>Los premios han sido otorgados durante el concierto del Medio A\u00f1o de Mutxamel, realizado por la Societat Musical l\u2019Alian\u00e7a de Mutxamel, el pasado s\u00e1bado 2 de marzo en la Casa de Cultura de Mutxamel.<\/p>\n<p>Por otro lado, la obra ganadora ha sido \u00abFon\u00e8vol\u00bb de <strong>Azael Tormo<\/strong> y la 2\u00aa Menci\u00f3n Especial la ha obtenido \u00abTemps de Lluita\u00bb de <strong>Alfonso Y\u00e9pez Santamar\u00eda<\/strong>.<\/p>\n<p>El jurado ha estado formado por:<\/p>\n<ol>La Concejala delegada de Fiestas, D\u00aa Mar\u00eda Loreto Riera Alberola<\/ol>\n<ol>Un experto nombrado por el Ayuntamiento, D\u00aa Marina Escoda Patr\u00f3n<\/ol>\n<ol>Un experto nombrado por la Comisi\u00f3n de Fiestas, D. Alberto Garc\u00eda Izquierdo<\/ol>\n<ol>Dos expertos nombrados por la SM L\u2019Alian\u00e7a, D. Jos\u00e9 Vicente Algado Climent y D\u00aa Mar\u00eda Antol\u00ed de las Heras<\/ol>\n<p><a href=\"http:\/\/fjvillaescusa.com\/wordpress\/wp-content\/uploads\/2024\/03\/IMG20240302210647.jpg\"><img loading=\"lazy\" decoding=\"async\" src=\"http:\/\/fjvillaescusa.com\/wordpress\/wp-content\/uploads\/2024\/03\/IMG20240302210647-300x217.jpg\" alt=\"\" width=\"300\" height=\"217\" class=\"alignnone size-medium wp-image-944\" srcset=\"http:\/\/fjvillaescusa.com\/wordpress\/wp-content\/uploads\/2024\/03\/IMG20240302210647-300x217.jpg 300w, http:\/\/fjvillaescusa.com\/wordpress\/wp-content\/uploads\/2024\/03\/IMG20240302210647.jpg 715w\" sizes=\"auto, (max-width: 300px) 100vw, 300px\" \/><\/a><\/p>\n<p><a href=\"http:\/\/fjvillaescusa.com\/wordpress\/wp-content\/uploads\/2024\/03\/2024-Concierto-concurso-mutxamel-1.jpg\"><img loading=\"lazy\" decoding=\"async\" src=\"http:\/\/fjvillaescusa.com\/wordpress\/wp-content\/uploads\/2024\/03\/2024-Concierto-concurso-mutxamel-1-240x300.jpg\" alt=\"\" width=\"240\" height=\"300\" class=\"alignnone size-medium wp-image-943\" srcset=\"http:\/\/fjvillaescusa.com\/wordpress\/wp-content\/uploads\/2024\/03\/2024-Concierto-concurso-mutxamel-1-240x300.jpg 240w, http:\/\/fjvillaescusa.com\/wordpress\/wp-content\/uploads\/2024\/03\/2024-Concierto-concurso-mutxamel-1-819x1024.jpg 819w, http:\/\/fjvillaescusa.com\/wordpress\/wp-content\/uploads\/2024\/03\/2024-Concierto-concurso-mutxamel-1-768x960.jpg 768w, http:\/\/fjvillaescusa.com\/wordpress\/wp-content\/uploads\/2024\/03\/2024-Concierto-concurso-mutxamel-1.jpg 1080w\" sizes=\"auto, (max-width: 240px) 100vw, 240px\" \/><\/a><\/p>\n","protected":false},"excerpt":{"rendered":"<p>Francisco Jos\u00e9 Villaescusa ha obtenido obtiene la 1\u00aa Menci\u00f3n Especial en el VI Concurso de Composici\u00f3n de M\u00fasica Festera de Mutxamel, por su obra \u00abAlmocaden\u00bb. El Ayuntamiento de Mutxamel convoca el VI Concurso de Composici\u00f3n M\u00fasica Festera en la modalidad de marcha cristiana, y en esta edici\u00f3n se han presentado un total de 11 obras. [&hellip;]<\/p>\n","protected":false},"author":1,"featured_media":0,"comment_status":"closed","ping_status":"open","sticky":false,"template":"","format":"standard","meta":{"footnotes":""},"categories":[5],"tags":[339,132,71,22,337,338,340],"class_list":["post-937","post","type-post","status-publish","format-standard","hentry","category-noticia","tag-339","tag-composicion","tag-concurso","tag-marcha-cristiana","tag-musica-festera","tag-mutxamel","tag-vi-concurs-de-composicio-de-musica-festera-de-mutxamel"],"aioseo_notices":[],"_links":{"self":[{"href":"http:\/\/fjvillaescusa.com\/wordpress\/wp-json\/wp\/v2\/posts\/937","targetHints":{"allow":["GET"]}}],"collection":[{"href":"http:\/\/fjvillaescusa.com\/wordpress\/wp-json\/wp\/v2\/posts"}],"about":[{"href":"http:\/\/fjvillaescusa.com\/wordpress\/wp-json\/wp\/v2\/types\/post"}],"author":[{"embeddable":true,"href":"http:\/\/fjvillaescusa.com\/wordpress\/wp-json\/wp\/v2\/users\/1"}],"replies":[{"embeddable":true,"href":"http:\/\/fjvillaescusa.com\/wordpress\/wp-json\/wp\/v2\/comments?post=937"}],"version-history":[{"count":6,"href":"http:\/\/fjvillaescusa.com\/wordpress\/wp-json\/wp\/v2\/posts\/937\/revisions"}],"predecessor-version":[{"id":946,"href":"http:\/\/fjvillaescusa.com\/wordpress\/wp-json\/wp\/v2\/posts\/937\/revisions\/946"}],"wp:attachment":[{"href":"http:\/\/fjvillaescusa.com\/wordpress\/wp-json\/wp\/v2\/media?parent=937"}],"wp:term":[{"taxonomy":"category","embeddable":true,"href":"http:\/\/fjvillaescusa.com\/wordpress\/wp-json\/wp\/v2\/categories?post=937"},{"taxonomy":"post_tag","embeddable":true,"href":"http:\/\/fjvillaescusa.com\/wordpress\/wp-json\/wp\/v2\/tags?post=937"}],"curies":[{"name":"wp","href":"https:\/\/api.w.org\/{rel}","templated":true}]}}